{"id":1475,"date":"2025-05-10T15:03:24","date_gmt":"2025-05-10T13:03:24","guid":{"rendered":"https:\/\/isz-si.eu\/?p=1475"},"modified":"2025-07-23T16:19:35","modified_gmt":"2025-07-23T14:19:35","slug":"intervju-z-oto-pesnerjem","status":"publish","type":"post","link":"https:\/\/isz-si.eu\/en\/intervju-z-oto-pesnerjem\/","title":{"rendered":"Intervju z Oto Pesnerjem"},"content":{"rendered":"<div data-elementor-type=\"wp-post\" data-elementor-id=\"1475\" class=\"elementor elementor-1475\">\n\t\t\t\t\t\t<section class=\"elementor-section elementor-top-section elementor-element elementor-element-b84e4b4 elementor-section-boxed elementor-section-height-default elementor-section-height-default\" data-id=\"b84e4b4\" data-element_type=\"section\">\n\t\t\t\t\t\t<div class=\"elementor-container elementor-column-gap-default\">\n\t\t\t\t\t<div class=\"elementor-column elementor-col-100 elementor-top-column elementor-element elementor-element-68bab94\" data-id=\"68bab94\" data-element_type=\"column\">\n\t\t\t<div class=\"elementor-widget-wrap elementor-element-populated\">\n\t\t\t\t\t\t<div class=\"elementor-element elementor-element-d684e7e elementor-widget elementor-widget-text-editor\" data-id=\"d684e7e\" data-element_type=\"widget\" data-widget_type=\"text-editor.default\">\n\t\t\t\t<div class=\"elementor-widget-container\">\n\t\t\t\t\t\t\t\t\t<p><span style=\"color: #000000;\">Predstavnica ISZ-ja se je, za potrebe razvoja in priprave vsebine digitalnih zgodb projekta Art Minds, pogovorila z Oto Pesnerjem &#8211; glasbenikom, ki s svojim ustvarjanjem mo\u010dno zanzamuje slovensko glasbeno sceno.<\/span><\/p>\t\t\t\t\t\t\t\t<\/div>\n\t\t\t\t<\/div>\n\t\t\t\t\t<\/div>\n\t\t<\/div>\n\t\t\t\t\t<\/div>\n\t\t<\/section>\n\t\t\t\t<section class=\"elementor-section elementor-top-section elementor-element elementor-element-270f3ce elementor-section-boxed elementor-section-height-default elementor-section-height-default\" data-id=\"270f3ce\" data-element_type=\"section\">\n\t\t\t\t\t\t<div class=\"elementor-container elementor-column-gap-default\">\n\t\t\t\t\t<div class=\"elementor-column elementor-col-100 elementor-top-column elementor-element elementor-element-0f77c5c\" data-id=\"0f77c5c\" data-element_type=\"column\">\n\t\t\t<div class=\"elementor-widget-wrap elementor-element-populated\">\n\t\t\t\t\t\t<div class=\"elementor-element elementor-element-14ecbdd elementor-widget elementor-widget-text-editor\" data-id=\"14ecbdd\" data-element_type=\"widget\" data-widget_type=\"text-editor.default\">\n\t\t\t\t<div class=\"elementor-widget-container\">\n\t\t\t\t\t\t\t\t\t<p class=\"p1\"><span style=\"color: #000000;\"><b>1. What inspired you to start a career in music?<\/b><\/span><\/p><p class=\"p1\"><span style=\"color: #000000;\">Ljubezen do glasbe me spremlja \u017ee od otro\u0161tva. Upam si trditi, da sem bil na ta svet poslan zaradi glasbe, saj je petje in osre\u010devanje ljudi moje poslanstvo na tem planetu. Glasba je bila vedno prisotna v mojem domu, saj sta bila oba moja star\u0161a glasbenika, navdihovali pa so me tudi veliki pevci, ki so s pesmimi izra\u017eali \u010dustva in pripovedovali zgodbe. To me je spodbudilo, da sem za\u010del peti in na\u0161el svoj glas, in dokler bom \u017eiv, bom ustvarjal. \u010ce sem malce sme\u0161en, bi lahko rekel tudi: \u201cPrepevam, torej sem \u201c.<\/span><\/p>\t\t\t\t\t\t\t\t<\/div>\n\t\t\t\t<\/div>\n\t\t\t\t\t<\/div>\n\t\t<\/div>\n\t\t\t\t\t<\/div>\n\t\t<\/section>\n\t\t\t\t<section class=\"elementor-section elementor-top-section elementor-element elementor-element-1259cc1 elementor-section-boxed elementor-section-height-default elementor-section-height-default\" data-id=\"1259cc1\" data-element_type=\"section\">\n\t\t\t\t\t\t<div class=\"elementor-container elementor-column-gap-default\">\n\t\t\t\t\t<div class=\"elementor-column elementor-col-100 elementor-top-column elementor-element elementor-element-03ebdc3\" data-id=\"03ebdc3\" data-element_type=\"column\">\n\t\t\t<div class=\"elementor-widget-wrap elementor-element-populated\">\n\t\t\t\t\t\t<div class=\"elementor-element elementor-element-c35a643 elementor-widget elementor-widget-image\" data-id=\"c35a643\" data-element_type=\"widget\" data-widget_type=\"image.default\">\n\t\t\t\t<div class=\"elementor-widget-container\">\n\t\t\t\t\t\t\t\t\t\t\t\t\t\t\t<img fetchpriority=\"high\" decoding=\"async\" width=\"768\" height=\"519\" src=\"https:\/\/isz-si.eu\/wp-content\/uploads\/2025\/07\/9-Oto-Pestner-ZZOutside-Dominik-Vrcon-768x519-1.jpg\" class=\"attachment-medium_large size-medium_large wp-image-1477\" alt=\"\" srcset=\"https:\/\/isz-si.eu\/wp-content\/uploads\/2025\/07\/9-Oto-Pestner-ZZOutside-Dominik-Vrcon-768x519-1.jpg 768w, https:\/\/isz-si.eu\/wp-content\/uploads\/2025\/07\/9-Oto-Pestner-ZZOutside-Dominik-Vrcon-768x519-1-300x203.jpg 300w, https:\/\/isz-si.eu\/wp-content\/uploads\/2025\/07\/9-Oto-Pestner-ZZOutside-Dominik-Vrcon-768x519-1-18x12.jpg 18w\" sizes=\"(max-width: 768px) 100vw, 768px\" \/>\t\t\t\t\t\t\t\t\t\t\t\t\t\t\t<\/div>\n\t\t\t\t<\/div>\n\t\t\t\t\t<\/div>\n\t\t<\/div>\n\t\t\t\t\t<\/div>\n\t\t<\/section>\n\t\t\t\t<section class=\"elementor-section elementor-top-section elementor-element elementor-element-6aef539 elementor-section-boxed elementor-section-height-default elementor-section-height-default\" data-id=\"6aef539\" data-element_type=\"section\">\n\t\t\t\t\t\t<div class=\"elementor-container elementor-column-gap-default\">\n\t\t\t\t\t<div class=\"elementor-column elementor-col-100 elementor-top-column elementor-element elementor-element-c4ae34f\" data-id=\"c4ae34f\" data-element_type=\"column\">\n\t\t\t<div class=\"elementor-widget-wrap elementor-element-populated\">\n\t\t\t\t\t\t<div class=\"elementor-element elementor-element-b576b83 elementor-widget elementor-widget-text-editor\" data-id=\"b576b83\" data-element_type=\"widget\" data-widget_type=\"text-editor.default\">\n\t\t\t\t<div class=\"elementor-widget-container\">\n\t\t\t\t\t\t\t\t\t<p class=\"p1\"><span style=\"color: #000000;\"><b>2. How do you remember your first gigs and the recording of your first album?<\/b><\/span><\/p><p class=\"p1\"><span style=\"color: #000000;\">Moji prvi nastopi so bili polni navdu\u0161enja in tudi malce tesnobe. Kot otrok sem pogosto nastopal z o\u010detom in oder je bil na neki na\u010din moj drugi dom. Zelo dobro pa se spominjam topline ob\u010dinstva, ki me je vedno podpiralo, zlasti ko sem bil \u0161e otrok. Snemanje prve plo\u0161\u010de je bilo nepozabno \u2013 po\u010dutil sem se, kot da odpiram novo poglavje v svojem \u017eivljenju. To je bila potrditev mojih sanj. Spominjam se tudi studia Radia Celje z vso snemalno opremo, ki bi ga z otro\u0161kimi o\u010dmi (star sem bil 12 let) opisal kot \u010dudovit otro\u0161ki vrtec.<\/span><\/p><p class=\"p1\"><span style=\"color: #000000;\"><b>3. Kaj vam pomeni, da ste pri 15 letih s pesmijo \u201cTrideset let\u201d zmagal na Festivalu Slovenska popevka?<\/b><\/span><\/p><p class=\"p1\"><span style=\"color: #000000;\">Zmaga na festivalu je bila zame velika prelomnica. Na podelitvi nagrad so me morali iskati (sedel sem na gugalnici pred Halo Tivoli) in nisem se zavedal, kako velika stvar se mi je pravzaprav zgodila. \u0160e danes se veliko ljudi spominja petnajstletnega fanta in \u0161e vedno z veseljem prepevam pesem. To je bila potrditev moje nadarjenosti in spodbuda, da nadaljujem. Pesem \u201cTrideset let\u201d mi je \u0161e danes blizu, saj mi je odprla \u0161tevilna vrata v svet glasbe.<\/span><\/p><p class=\"p1\"><span style=\"color: #000000;\"><b>4. How do you assess the influence of the Roma heritage on your music and the influence of your music on the heritage of the Roma and Slovenia?<\/b><\/span><\/p><p class=\"p1\"><span style=\"color: #000000;\">Romska glasba me je vedno posebej privla\u010dila \u2013 njena \u010dustvenost in ritmi\u010dno bogastvo sta me navdihovala. Verjamem, da sem s svojimi interpretacijami pripomogel k temu, da se bogata dedi\u0161\u010dina Romov povezuje s slovensko kulturo in prena\u0161a na nove generacije. Knjiga, ki jo je o meni napisal Matej Kranjec, se prav tako imenuje Ciganska kri in je prav tako ena mojih najljub\u0161ih skladb. Verz te pesmi pove vse: \u201cCiganska kri me vle\u010de naprej, vse moje poti so zapisane v zvezdah. Ciganska kri nemirna brez meja, moja ve\u010dna usoda je tako kruta.\u201d<\/span><\/p><p class=\"p1\"><span style=\"color: #000000;\"><b>5. What traditional Roma and Slovenian musical elements have you incorporated into your compositions and how important do you think it is to preserve your heritage?<\/b><\/span><\/p><p class=\"p1\"><span style=\"color: #000000;\">In my music, I have often used melodic lines and rhythms that are typical of Roma music and combined them with Slovenian musical traditions. Preserving our heritage is extremely important as it connects us to our roots and gives our music identity.<\/span><\/p><p class=\"p1\"><span style=\"color: #000000;\"><b>6. How do you see the role of music in connecting different cultures in Slovenia?<\/b><\/span><\/p><p class=\"p1\"><span style=\"color: #000000;\">Music is a universal language that connects people regardless of their roots. In Slovenia, music has played an important role in uniting different cultures and creating a common identity. Music is love, music connects and is often a bridge between different minds. He who sings badly does not think badly, is a beautiful Slovenian proverb.<\/span><\/p><p class=\"p1\"><span style=\"color: #000000;\"><b>7. Do you think that minorities and migrants have influenced the shaping of the Slovenian music scene? In what way?<\/b><\/span><\/p><p class=\"p1\"><span style=\"color: #000000;\">Of course, the influence of minorities and migrants has enriched the Slovenian music scene with new rhythms, melodies and forms of expression. This diversity enriches us and opens up new horizons in music. Music is intertwined with culture, and every culture has its own peculiarities or its own character, which is reflected and can be heard in the music.<\/span><\/p><p class=\"p1\"><span style=\"color: #000000;\"><b>8. Have you ever drawn directly on influences from other cultures in your music or lyrics?<\/b><\/span><\/p><p class=\"p1\"><span style=\"color: #000000;\">Yes, several times. I have drawn inspiration from different cultures because I believe that music transcends borders and contains universal messages that we can all identify with. Every artist I have listened to has influenced me in one way or another. We all take in information from our surroundings and feed it back into our environment in some way, either consciously or unconsciously, and that goes for music too.<\/span><\/p><p class=\"p1\"><span style=\"color: #000000;\"><b>9. How do you look back on your beginnings today? What has shaped you most as an artist?<\/b><\/span><\/p><p class=\"p1\"><span style=\"color: #000000;\">Danes na svoje za\u010detke gledam z velikim ponosom in hvale\u017enostjo. Najbolj so me oblikovale moje izku\u0161nje \u2013 tako uspehi kot izzivi, ki sem jih premagal. Vse to me je okrepilo in utrdilo mojo predanost glasbi. Oblikovali so me tudi \u017eivljenjski dogodki, kot je neposredno sre\u010danje s smrtjo. Po tem dogodku sem napisal pesem \u201cTo je \u017eivljenje\u201d, ki so jo ljudje neverjetno dobro sprejeli. Presene\u010da me, da ob\u010dinstvo na vseh mojih koncertih poje skupaj z mano, \u010deprav gre za razmeroma novo pesem.<\/span><\/p><p class=\"p1\"><span style=\"color: #000000;\"><b>10. What do you consider to be the most groundbreaking achievements in your career?<\/b><\/span><\/p><p class=\"p1\"><span style=\"color: #000000;\">I would definitely count winning the Slovenian Songwriters' Festival, international performances and collaborations with renowned musicians among the most groundbreaking successes. These moments have always inspired me and given me motivation for new projects. Meeting Paul McCartney is also one of the events that mean a lot to me and I hope that Paul and I will continue to work together musically (preparations are already underway). Apart from that, every album is my baby in a way and I'm proud of it. Each one belongs to a certain creative period and although objectively some are better than others, each one is a reflection of a certain time, a certain emotion and therefore unique.<\/span><\/p><p class=\"p1\"><span style=\"color: #000000;\"><b>11. How would you like to be remembered by future generations?<\/b><\/span><\/p><p class=\"p1\"><span style=\"color: #000000;\">\u017delim, da se me spominjajo kot nekoga, ki je glasbo \u017eivel s srcem in du\u0161o, kot umetnika, ki je z glasbo povezoval ljudi ter oblikoval njihovo kulturo in srca. Vsaka solza sre\u010de, vsak nasmeh, vsak navdih mladim, vsak hang, ki nekoga dvigne, vse to je moja zapu\u0161\u010dina in moje poslanstvo \u2013 osre\u010devati ljudi in \u0161iriti ljubezen z glasbo. Zato sem \u017eiv in to \u017eelim ohraniti \u0161e dolgo po tem, ko me ne bo ve\u010d.<\/span><\/p>\t\t\t\t\t\t\t\t<\/div>\n\t\t\t\t<\/div>\n\t\t\t\t\t<\/div>\n\t\t<\/div>\n\t\t\t\t\t<\/div>\n\t\t<\/section>\n\t\t\t\t<section class=\"elementor-section elementor-top-section elementor-element elementor-element-f2a8259 elementor-section-boxed elementor-section-height-default elementor-section-height-default\" data-id=\"f2a8259\" data-element_type=\"section\">\n\t\t\t\t\t\t<div class=\"elementor-container elementor-column-gap-default\">\n\t\t\t\t\t<div class=\"elementor-column elementor-col-100 elementor-top-column elementor-element elementor-element-12914ad\" data-id=\"12914ad\" data-element_type=\"column\">\n\t\t\t<div class=\"elementor-widget-wrap elementor-element-populated\">\n\t\t\t\t\t\t<div class=\"elementor-element elementor-element-d4df4ee elementor-widget elementor-widget-image\" data-id=\"d4df4ee\" data-element_type=\"widget\" data-widget_type=\"image.default\">\n\t\t\t\t<div class=\"elementor-widget-container\">\n\t\t\t\t\t\t\t\t\t\t\t\t\t\t\t<img decoding=\"async\" width=\"1024\" height=\"402\" src=\"https:\/\/isz-si.eu\/wp-content\/uploads\/2025\/01\/Izdelek-brez-naslova-copy-1024x402.png\" class=\"attachment-large size-large wp-image-1105\" alt=\"\" srcset=\"https:\/\/isz-si.eu\/wp-content\/uploads\/2025\/01\/Izdelek-brez-naslova-copy-1024x402.png 1024w, https:\/\/isz-si.eu\/wp-content\/uploads\/2025\/01\/Izdelek-brez-naslova-copy-300x118.png 300w, https:\/\/isz-si.eu\/wp-content\/uploads\/2025\/01\/Izdelek-brez-naslova-copy-768x301.png 768w, https:\/\/isz-si.eu\/wp-content\/uploads\/2025\/01\/Izdelek-brez-naslova-copy-1536x603.png 1536w, https:\/\/isz-si.eu\/wp-content\/uploads\/2025\/01\/Izdelek-brez-naslova-copy-18x7.png 18w, https:\/\/isz-si.eu\/wp-content\/uploads\/2025\/01\/Izdelek-brez-naslova-copy.png 1600w\" sizes=\"(max-width: 1024px) 100vw, 1024px\" \/>\t\t\t\t\t\t\t\t\t\t\t\t\t\t\t<\/div>\n\t\t\t\t<\/div>\n\t\t\t\t\t<\/div>\n\t\t<\/div>\n\t\t\t\t\t<\/div>\n\t\t<\/section>\n\t\t\t\t<\/div>","protected":false},"excerpt":{"rendered":"<p>Predstavnica ISZ-ja se je, za potrebe razvoja in priprave vsebine digitalnih zgodb projekta Art Minds, pogovorila z Oto Pesnerjem \u2013 glasbenikom, ki s svojim ustvarjanjem mo\u010dno zanzamuje slovensko glasbeno sceno. Nas je navdu\u0161il s svojo pripovedjo.<\/p>","protected":false},"author":2,"featured_media":0,"comment_status":"open","ping_status":"open","sticky":false,"template":"","format":"standard","meta":{"site-sidebar-layout":"default","site-content-layout":"default","ast-site-content-layout":"default","site-content-style":"default","site-sidebar-style":"default","ast-global-header-display":"","ast-banner-title-visibility":"","ast-main-header-display":"","ast-hfb-above-header-display":"","ast-hfb-below-header-display":"","ast-hfb-mobile-header-display":"","site-post-title":"","ast-breadcrumbs-content":"","ast-featured-img":"disabled","footer-sml-layout":"","ast-disable-related-posts":"","theme-transparent-header-meta":"","adv-header-id-meta":"","stick-header-meta":"","header-above-stick-meta":"","header-main-stick-meta":"","header-below-stick-meta":"","astra-migrate-meta-layouts":"default","ast-page-background-enabled":"default","ast-page-background-meta":{"desktop":{"background-color":"","background-image":"","background-repeat":"repeat","background-position":"center center","background-size":"auto","background-attachment":"scroll","background-type":"","background-media":"","overlay-type":"","overlay-color":"","overlay-opacity":"","overlay-gradient":""},"tablet":{"background-color":"","background-image":"","background-repeat":"repeat","background-position":"center center","background-size":"auto","background-attachment":"scroll","background-type":"","background-media":"","overlay-type":"","overlay-color":"","overlay-opacity":"","overlay-gradient":""},"mobile":{"background-color":"","background-image":"","background-repeat":"repeat","background-position":"center center","background-size":"auto","background-attachment":"scroll","background-type":"","background-media":"","overlay-type":"","overlay-color":"","overlay-opacity":"","overlay-gradient":""}},"ast-content-background-meta":{"desktop":{"background-color":"var(--ast-global-color-5)","background-image":"","background-repeat":"repeat","background-position":"center center","background-size":"auto","background-attachment":"scroll","background-type":"","background-media":"","overlay-type":"","overlay-color":"","overlay-opacity":"","overlay-gradient":""},"tablet":{"background-color":"var(--ast-global-color-5)","background-image":"","background-repeat":"repeat","background-position":"center center","background-size":"auto","background-attachment":"scroll","background-type":"","background-media":"","overlay-type":"","overlay-color":"","overlay-opacity":"","overlay-gradient":""},"mobile":{"background-color":"var(--ast-global-color-5)","background-image":"","background-repeat":"repeat","background-position":"center center","background-size":"auto","background-attachment":"scroll","background-type":"","background-media":"","overlay-type":"","overlay-color":"","overlay-opacity":"","overlay-gradient":""}},"_jetpack_memberships_contains_paid_content":false,"footnotes":""},"categories":[15],"tags":[],"class_list":["post-1475","post","type-post","status-publish","format-standard","hentry","category-objave"],"jetpack_featured_media_url":"","jetpack_sharing_enabled":true,"_links":{"self":[{"href":"https:\/\/isz-si.eu\/en\/wp-json\/wp\/v2\/posts\/1475","targetHints":{"allow":["GET"]}}],"collection":[{"href":"https:\/\/isz-si.eu\/en\/wp-json\/wp\/v2\/posts"}],"about":[{"href":"https:\/\/isz-si.eu\/en\/wp-json\/wp\/v2\/types\/post"}],"author":[{"embeddable":true,"href":"https:\/\/isz-si.eu\/en\/wp-json\/wp\/v2\/users\/2"}],"replies":[{"embeddable":true,"href":"https:\/\/isz-si.eu\/en\/wp-json\/wp\/v2\/comments?post=1475"}],"version-history":[{"count":6,"href":"https:\/\/isz-si.eu\/en\/wp-json\/wp\/v2\/posts\/1475\/revisions"}],"predecessor-version":[{"id":1504,"href":"https:\/\/isz-si.eu\/en\/wp-json\/wp\/v2\/posts\/1475\/revisions\/1504"}],"wp:attachment":[{"href":"https:\/\/isz-si.eu\/en\/wp-json\/wp\/v2\/media?parent=1475"}],"wp:term":[{"taxonomy":"category","embeddable":true,"href":"https:\/\/isz-si.eu\/en\/wp-json\/wp\/v2\/categories?post=1475"},{"taxonomy":"post_tag","embeddable":true,"href":"https:\/\/isz-si.eu\/en\/wp-json\/wp\/v2\/tags?post=1475"}],"curies":[{"name":"wp","href":"https:\/\/api.w.org\/{rel}","templated":true}]}}